{"id":25316,"date":"2020-07-05T11:50:23","date_gmt":"2020-07-05T11:50:23","guid":{"rendered":"https:\/\/prueba.fortissimomedia.com\/?p=25316"},"modified":"2020-07-05T11:50:23","modified_gmt":"2020-07-05T11:50:23","slug":"entrevista-en-codalario","status":"publish","type":"post","link":"https:\/\/www.joelprieto.com\/es\/2020\/07\/05\/entrevista-en-codalario\/","title":{"rendered":"Entrevista en Codalario"},"content":{"rendered":"<p><strong>\u00abTodav\u00eda no se comprende la gran capacidad que tiene la \u00f3pera para generar puestos de trabajo\u00bb<\/strong><\/p>\n\n\n\n<p><strong>Una entrevista de Aurelio M. Seco<\/strong><\/p>\n\n\n\n<p><strong>\u00bfC\u00f3mo llega un farmac\u00e9utico a ser cantante de \u00f3pera?<\/strong><\/p>\n\n\n\n<p>Nac\u00ed en el seno de una familia de m\u00fasicos, todos los hermanos de mi madre formaron parte de la Escolan\u00eda Ni\u00f1os Cantores de la Catedral de Guadix donde yo tambi\u00e9n cant\u00e9 y, posteriormente, en la Camerata Coral Sine Nomine de Guadix y al mismo tiempo que empec\u00e9 a estudiar Farmacia comenc\u00e9 a recibir clases de canto con M\u00aa del Coral Morales en Granada.<\/p>\n\n\n\n<p>Mi plan de vida era totalmente sanitario, incluso con la idea de poder estudiar Medicina despu\u00e9s de Farmacia, pero mi pasi\u00f3n y dedicaci\u00f3n al canto fue poco a poco creciendo conforme pasaban los a\u00f1os compaginando clases, conciertos y cursos con las clases y pr\u00e1cticas farmac\u00e9uticas de la facultad. Mi actividad musical en Granada comenz\u00f3 a intensificarse y decid\u00ed presentarme en 2009 al Concurso de Juventudes Musicales Espa\u00f1a que se celebr\u00f3 en Bilbao donde me concedieron el primer premio dejando el segundo desierto. A partir de entonces todo comenz\u00f3 a \u201ccomplicarse\u201d pues el canto exig\u00eda cada vez m\u00e1s y Farmacia tambi\u00e9n lo hac\u00eda al mismo tiempo, por lo que comenz\u00f3 una etapa complicada de mucho esfuerzo y estudio de forma paralela.<\/p>\n\n\n\n<p>En este periodo hubo muchas personas que me apoyaron para seguir creciendo a nivel vocal y profesional, tanto en mi pueblo y en Granada como a nivel nacional, adem\u00e1s de los cursos y &nbsp;masterclass que hice con profesores como Ana Luisa Chova, cantantes como Carlos Chausson, Jaume Aragall, Alfonso Antoniozzi y Teresa Berganza, y pianistas como Giulio Zappa, Rub\u00e9n Fern\u00e1ndez Aguirre, Michele D\u2019Elia, Simone Sabina y Andr\u00e9s Juncos, todo ello compagin\u00e1ndolo con mis clases permanentes con mi maestra en Granada.<\/p>\n\n\n\n<p><br>Entre los directores con los que he trabajado hasta el momento caben destacar Daniel Oren, Francesco Ivan Ciampa, Daniele Callegari, Yi- Chen Lin, Miquel Ortega y \u00d3liver D\u00edaz, y entre los directores de escena a Hugo de Ana, Emilio Sagi, Silvia Paoli, Curro Carreres y Rosetta Cucchi.<\/p>\n\n\n\n<p>En Granada, Juventudes Musicales y todo el sector vocal y coral siempre me apoy\u00f3 y cont\u00f3 conmigo en numerosas ocasiones suponiendo mis primeros pasos l\u00edricos. Tambi\u00e9n debo destacar dos recitales, uno en la Escuela Superior de Canto de Madrid de un ciclo de Amigos de la \u00d3pera de Madrid, seleccionado por Francisco Garc\u00eda-Rosado y otro en el FEX del Festival Internacional de M\u00fasica y Danza de Granada seleccionado por Enrique G\u00e1mez (director del festival desde 2001 a 2012), as\u00ed como cuando fui seleccionado en el Opera (e)Studio de Tenerife por Giulio Zappa y Alejandro Abrante para interpretar el rol de Il Conte d&#8217;Almaviva de <em>Le nozze di Figaro<\/em> en \u00d3pera de Tenerife y en el Teatro Comunale de Bolonia, experiencia que ha supuesto el verdadero trampol\u00edn a mi profesi\u00f3n.<\/p>\n\n\n\n<p><a href=\"https:\/\/www.codalario.com\/pablo-galvez\/entrevistas\/pablo-galvez--baritono-todavia-no-se-comprende-la-gran-capacidad-que-tiene-la-opera-para-generar-puestos-de-trabajo_8917_4_27646_0_1_in.html\">Leer m\u00e1s. <\/a><\/p>\n\n\n\n<p><\/p>\n\n\n\n<p><\/p>\n\n\n\n<p><\/p>","protected":false},"excerpt":{"rendered":"<p>\u00abTodav\u00eda no se comprende la gran capacidad que tiene la \u00f3pera para generar puestos de trabajo\u00bb<\/p>","protected":false},"author":1,"featured_media":0,"comment_status":"open","ping_status":"open","sticky":false,"template":"","format":"standard","meta":{"_acf_changed":false,"site-sidebar-layout":"default","site-content-layout":"default","ast-site-content-layout":"default","site-content-style":"default","site-sidebar-style":"default","ast-global-header-display":"","ast-banner-title-visibility":"","ast-main-header-display":"","ast-hfb-above-header-display":"","ast-hfb-below-header-display":"","ast-hfb-mobile-header-display":"","site-post-title":"","ast-breadcrumbs-content":"","ast-featured-img":"","footer-sml-layout":"","ast-disable-related-posts":"","theme-transparent-header-meta":"default","adv-header-id-meta":"","stick-header-meta":"","header-above-stick-meta":"","header-main-stick-meta":"","header-below-stick-meta":"","astra-migrate-meta-layouts":"default","ast-page-background-enabled":"default","ast-page-background-meta":{"desktop":{"background-color":"","background-image":"","background-repeat":"repeat","background-position":"center center","background-size":"auto","background-attachment":"scroll","background-type":"","background-media":"","overlay-type":"","overlay-color":"","overlay-opacity":"","overlay-gradient":""},"tablet":{"background-color":"","background-image":"","background-repeat":"repeat","background-position":"center center","background-size":"auto","background-attachment":"scroll","background-type":"","background-media":"","overlay-type":"","overlay-color":"","overlay-opacity":"","overlay-gradient":""},"mobile":{"background-color":"","background-image":"","background-repeat":"repeat","background-position":"center center","background-size":"auto","background-attachment":"scroll","background-type":"","background-media":"","overlay-type":"","overlay-color":"","overlay-opacity":"","overlay-gradient":""}},"ast-content-background-meta":{"desktop":{"background-color":"var(--ast-global-color-5)","background-image":"","background-repeat":"repeat","background-position":"center center","background-size":"auto","background-attachment":"scroll","background-type":"","background-media":"","overlay-type":"","overlay-color":"","overlay-opacity":"","overlay-gradient":""},"tablet":{"background-color":"var(--ast-global-color-5)","background-image":"","background-repeat":"repeat","background-position":"center center","background-size":"auto","background-attachment":"scroll","background-type":"","background-media":"","overlay-type":"","overlay-color":"","overlay-opacity":"","overlay-gradient":""},"mobile":{"background-color":"var(--ast-global-color-5)","background-image":"","background-repeat":"repeat","background-position":"center center","background-size":"auto","background-attachment":"scroll","background-type":"","background-media":"","overlay-type":"","overlay-color":"","overlay-opacity":"","overlay-gradient":""}},"footnotes":""},"categories":[11],"tags":[],"class_list":["post-25316","post","type-post","status-publish","format-standard","hentry","category-interview"],"acf":[],"_links":{"self":[{"href":"https:\/\/www.joelprieto.com\/es\/wp-json\/wp\/v2\/posts\/25316","targetHints":{"allow":["GET"]}}],"collection":[{"href":"https:\/\/www.joelprieto.com\/es\/wp-json\/wp\/v2\/posts"}],"about":[{"href":"https:\/\/www.joelprieto.com\/es\/wp-json\/wp\/v2\/types\/post"}],"author":[{"embeddable":true,"href":"https:\/\/www.joelprieto.com\/es\/wp-json\/wp\/v2\/users\/1"}],"replies":[{"embeddable":true,"href":"https:\/\/www.joelprieto.com\/es\/wp-json\/wp\/v2\/comments?post=25316"}],"version-history":[{"count":0,"href":"https:\/\/www.joelprieto.com\/es\/wp-json\/wp\/v2\/posts\/25316\/revisions"}],"wp:attachment":[{"href":"https:\/\/www.joelprieto.com\/es\/wp-json\/wp\/v2\/media?parent=25316"}],"wp:term":[{"taxonomy":"category","embeddable":true,"href":"https:\/\/www.joelprieto.com\/es\/wp-json\/wp\/v2\/categories?post=25316"},{"taxonomy":"post_tag","embeddable":true,"href":"https:\/\/www.joelprieto.com\/es\/wp-json\/wp\/v2\/tags?post=25316"}],"curies":[{"name":"wp","href":"https:\/\/api.w.org\/{rel}","templated":true}]}}